{"provider_url": "https://www.igarapava.sp.leg.br", "title": "Estrutura", "html": "<h2 data-start=\"457\" data-end=\"522\">Compet\u00eancias e Atribui\u00e7\u00f5es da C\u00e2mara Municipal de Igarapava</h2>\r\n<h3 data-start=\"524\" data-end=\"553\">1. Fun\u00e7\u00f5es Institucionais</h3>\r\n<p data-start=\"554\" data-end=\"796\">A C\u00e2mara Municipal \u00e9 o <strong data-start=\"577\" data-end=\"611\">Poder Legislativo do Munic\u00edpio</strong>, composta por 11 Vereadores eleitos, com as seguintes fun\u00e7\u00f5es principais<span data-state=\"closed\"><span class=\"relative inline-flex items-center\"></span></span><span data-state=\"closed\"><span class=\"relative inline-flex items-center\"></span></span><span data-state=\"closed\"><span class=\"relative inline-flex items-center\"></span></span>:</p>\r\n<ul data-start=\"797\" data-end=\"1436\">\r\n<li data-start=\"797\" data-end=\"925\">\r\n<p data-start=\"799\" data-end=\"925\"><strong data-start=\"799\" data-end=\"821\">Fun\u00e7\u00e3o legislativa</strong> \u2013 deliberar sobre mat\u00e9rias de compet\u00eancia municipal, editando leis, decretos legislativos e resolu\u00e7\u00f5es.</p>\r\n</li>\r\n<li data-start=\"926\" data-end=\"1062\">\r\n<p data-start=\"928\" data-end=\"1062\"><strong data-start=\"928\" data-end=\"952\">Fun\u00e7\u00e3o fiscalizadora</strong> \u2013 exercer controle externo das contas e atos do Poder Executivo, com aux\u00edlio do Tribunal de Contas do Estado.</p>\r\n</li>\r\n<li data-start=\"1063\" data-end=\"1214\">\r\n<p data-start=\"1065\" data-end=\"1214\"><strong data-start=\"1065\" data-end=\"1111\">Fun\u00e7\u00e3o de controle pol\u00edtico-administrativo</strong> \u2013 fiscalizar o Prefeito, a Mesa Diretora e os pr\u00f3prios vereadores, dentro dos limites constitucionais.</p>\r\n</li>\r\n<li data-start=\"1215\" data-end=\"1322\">\r\n<p data-start=\"1217\" data-end=\"1322\"><strong data-start=\"1217\" data-end=\"1245\">Fun\u00e7\u00e3o de assessoramento</strong> \u2013 sugerir medidas de interesse p\u00fablico ao Executivo, por meio de indica\u00e7\u00f5es.</p>\r\n</li>\r\n<li data-start=\"1323\" data-end=\"1436\">\r\n<p data-start=\"1325\" data-end=\"1436\"><strong data-start=\"1325\" data-end=\"1350\">Fun\u00e7\u00e3o administrativa</strong> \u2013 gerir a organiza\u00e7\u00e3o interna, os servi\u00e7os auxiliares e o quadro funcional da C\u00e2mara.</p>\r\n</li>\r\n</ul>\r\n<hr data-start=\"1438\" data-end=\"1441\" />\r\n<h3 data-start=\"1443\" data-end=\"1488\">2. \u00d3rg\u00e3os Deliberativos e Administrativos</h3>\r\n<ul data-start=\"1489\" data-end=\"1992\">\r\n<li data-start=\"1489\" data-end=\"1590\">\r\n<p data-start=\"1491\" data-end=\"1590\"><strong data-start=\"1491\" data-end=\"1503\">Plen\u00e1rio</strong> \u2013 \u00f3rg\u00e3o m\u00e1ximo de delibera\u00e7\u00e3o, onde s\u00e3o discutidas e votadas as mat\u00e9rias legislativas.</p>\r\n</li>\r\n<li data-start=\"1591\" data-end=\"1708\">\r\n<p data-start=\"1593\" data-end=\"1708\"><strong data-start=\"1593\" data-end=\"1610\">Mesa Diretora</strong> \u2013 \u00f3rg\u00e3o executivo da C\u00e2mara, com mandato de 2 anos, composta por Presidente, 1\u00ba e 2\u00ba Secret\u00e1rios.</p>\r\n</li>\r\n<li data-start=\"1709\" data-end=\"1814\">\r\n<p data-start=\"1711\" data-end=\"1814\"><strong data-start=\"1711\" data-end=\"1737\">Comiss\u00f5es Legislativas</strong> \u2013 permanentes e tempor\u00e1rias, respons\u00e1veis por analisar mat\u00e9rias espec\u00edficas.</p>\r\n</li>\r\n<li data-start=\"1815\" data-end=\"1992\">\r\n<p data-start=\"1817\" data-end=\"1992\"><strong data-start=\"1817\" data-end=\"1832\">Presid\u00eancia</strong> \u2013 representa\u00e7\u00e3o legal da C\u00e2mara, dire\u00e7\u00e3o das atividades internas e rela\u00e7\u00f5es externas<span data-state=\"closed\"><span class=\"relative inline-flex items-center\"></span></span><span data-state=\"closed\"><span class=\"relative inline-flex items-center\"></span></span>.</p>\r\n</li>\r\n</ul>\r\n<hr data-start=\"1994\" data-end=\"1997\" />\r\n<h3 data-start=\"1999\" data-end=\"2030\">3. Estrutura Administrativa</h3>\r\n<p data-start=\"2031\" data-end=\"2214\">Conforme a Lei Complementar n\u00ba 034/2013 e suas altera\u00e7\u00f5es (Lei Complementar n\u00ba 087/2023), a estrutura organizacional da C\u00e2mara compreende:</p>\r\n<p data-start=\"2216\" data-end=\"2245\"><strong data-start=\"2216\" data-end=\"2243\">Gabinete da Presid\u00eancia</strong></p>\r\n<ul data-start=\"2246\" data-end=\"2366\">\r\n<li data-start=\"2246\" data-end=\"2366\">\r\n<p data-start=\"2248\" data-end=\"2366\">Atendimento ao p\u00fablico, organiza\u00e7\u00e3o de agendas e reuni\u00f5es, expedi\u00e7\u00e3o de correspond\u00eancias e apoio direto ao Presidente.</p>\r\n</li>\r\n</ul>\r\n<p data-start=\"2368\" data-end=\"2398\"><strong data-start=\"2368\" data-end=\"2396\">Diretoria Administrativa</strong></p>\r\n<ul data-start=\"2399\" data-end=\"2534\">\r\n<li data-start=\"2399\" data-end=\"2534\">\r\n<p data-start=\"2401\" data-end=\"2534\">Supervis\u00e3o geral dos servi\u00e7os; orienta\u00e7\u00e3o \u00e0 Mesa Diretora, Comiss\u00f5es e Vereadores; coordena\u00e7\u00e3o de eventos e divulga\u00e7\u00e3o institucional.</p>\r\n</li>\r\n</ul>\r\n<p data-start=\"2536\" data-end=\"2577\"><strong data-start=\"2536\" data-end=\"2575\">Divis\u00e3o Administrativa e Financeira</strong></p>\r\n<ul data-start=\"2578\" data-end=\"2735\">\r\n<li data-start=\"2578\" data-end=\"2735\">\r\n<p data-start=\"2580\" data-end=\"2735\">Apoio \u00e0s sess\u00f5es; elabora\u00e7\u00e3o de pautas; controle de frequ\u00eancia; tramita\u00e7\u00e3o legislativa; gest\u00e3o de arquivos; manuten\u00e7\u00e3o de cadastros no sistema legislativo.</p>\r\n</li>\r\n</ul>\r\n<p data-start=\"2737\" data-end=\"2765\"><strong data-start=\"2737\" data-end=\"2763\">Setor de Contabilidade</strong></p>\r\n<ul data-start=\"2766\" data-end=\"2903\">\r\n<li data-start=\"2766\" data-end=\"2903\">\r\n<p data-start=\"2768\" data-end=\"2903\">Gest\u00e3o or\u00e7ament\u00e1ria e financeira; elabora\u00e7\u00e3o de balancetes, balan\u00e7os e presta\u00e7\u00e3o de contas; cumprimento das obriga\u00e7\u00f5es junto ao TCE-SP.</p>\r\n</li>\r\n</ul>\r\n<p data-start=\"2905\" data-end=\"2930\"><strong data-start=\"2905\" data-end=\"2928\">Setor de Tesouraria</strong></p>\r\n<ul data-start=\"2931\" data-end=\"3038\">\r\n<li data-start=\"2931\" data-end=\"3038\">\r\n<p data-start=\"2933\" data-end=\"3038\">Execu\u00e7\u00e3o de pagamentos; controle banc\u00e1rio e concilia\u00e7\u00f5es; cumprimento da ordem cronol\u00f3gica de pagamentos.</p>\r\n</li>\r\n</ul>\r\n<p data-start=\"3040\" data-end=\"3071\"><strong data-start=\"3040\" data-end=\"3069\">Setor de Recursos Humanos</strong></p>\r\n<ul data-start=\"3072\" data-end=\"3176\">\r\n<li data-start=\"3072\" data-end=\"3176\">\r\n<p data-start=\"3074\" data-end=\"3176\">Administra\u00e7\u00e3o de pessoal; folha de pagamento; registros funcionais; gest\u00e3o de benef\u00edcios e frequ\u00eancia.</p>\r\n</li>\r\n</ul>\r\n<p data-start=\"3178\" data-end=\"3203\"><strong data-start=\"3178\" data-end=\"3201\">Setor de Secretaria</strong></p>\r\n<ul data-start=\"3204\" data-end=\"3310\">\r\n<li data-start=\"3204\" data-end=\"3310\">\r\n<p data-start=\"3206\" data-end=\"3310\">Apoio legislativo e administrativo; elabora\u00e7\u00e3o de atos e relat\u00f3rios; organiza\u00e7\u00e3o do arquivo legislativo.</p>\r\n</li>\r\n</ul>\r\n<p data-start=\"3312\" data-end=\"3340\"><strong data-start=\"3312\" data-end=\"3338\">Assessoria Parlamentar</strong></p>\r\n<ul data-start=\"3341\" data-end=\"3449\">\r\n<li data-start=\"3341\" data-end=\"3449\">\r\n<p data-start=\"3343\" data-end=\"3449\">Acompanhamento de mat\u00e9rias legislativas; elabora\u00e7\u00e3o de pareceres e atos; apoio \u00e0s Comiss\u00f5es e ao Plen\u00e1rio.</p>\r\n</li>\r\n</ul>\r\n<p data-start=\"3451\" data-end=\"3478\"><strong data-start=\"3451\" data-end=\"3476\">Procuradoria Jur\u00eddica</strong></p>\r\n<ul data-start=\"3479\" data-end=\"3598\">\r\n<li data-start=\"3479\" data-end=\"3598\">\r\n<p data-start=\"3481\" data-end=\"3598\">Pareceres jur\u00eddicos; acompanhamento de processos judiciais e administrativos; assessoria legislativa e institucional.</p>\r\n</li>\r\n</ul>\r\n<p data-start=\"3600\" data-end=\"3661\"><strong data-start=\"3600\" data-end=\"3620\">Controle Interno</strong><span data-state=\"closed\"><span class=\"relative inline-flex items-center\"></span></span></p>\r\n<ul data-start=\"3662\" data-end=\"3790\">\r\n<li data-start=\"3662\" data-end=\"3790\">\r\n<p data-start=\"3664\" data-end=\"3790\">Auditoria e fiscaliza\u00e7\u00e3o interna; verifica\u00e7\u00e3o da legalidade de licita\u00e7\u00f5es, contratos e execu\u00e7\u00e3o or\u00e7ament\u00e1ria; apoio ao TCE-SP.</p>\r\n</li>\r\n</ul>\r\n<p data-start=\"3792\" data-end=\"3868\"><strong data-start=\"3792\" data-end=\"3827\">Agente de Contrata\u00e7\u00e3o e Compras</strong><span data-state=\"closed\"><span class=\"relative inline-flex items-center\"></span></span></p>\r\n<ul data-start=\"3869\" data-end=\"4001\">\r\n<li data-start=\"3869\" data-end=\"4001\">\r\n<p data-start=\"3871\" data-end=\"4001\">Planejamento e execu\u00e7\u00e3o de compras e contrata\u00e7\u00f5es; elabora\u00e7\u00e3o de editais, contratos e conv\u00eanios; gest\u00e3o de patrim\u00f4nio e materiais.</p>\r\n</li>\r\n</ul>\r\n<p data-start=\"4003\" data-end=\"4038\"><strong data-start=\"4003\" data-end=\"4036\">Subsetor de Servi\u00e7os Internos</strong></p>\r\n<ul data-start=\"4039\" data-end=\"4120\">\r\n<li data-start=\"4039\" data-end=\"4120\">\r\n<p data-start=\"4041\" data-end=\"4120\">Manuten\u00e7\u00e3o predial; conserva\u00e7\u00e3o de equipamentos; apoio log\u00edstico e operacional.</p>\r\n<ul data-start=\"4153\" data-end=\"4751\">\r\n<li data-start=\"4153\" data-end=\"4350\">\r\n<p data-start=\"4155\" data-end=\"4350\"><strong data-start=\"4155\" data-end=\"4209\">Regimento Interno da C\u00e2mara Municipal de Igarapava</strong> \u2013 atualizado pelas Resolu\u00e7\u00f5es Privativas n\u00ba 03/2021, n\u00ba 05/2023, n\u00ba 06/2024, n\u00ba 10/2024 e n\u00ba 11/2024.</p>\r\n</li>\r\n<li data-start=\"4351\" data-end=\"4467\">\r\n<p data-start=\"4353\" data-end=\"4467\"><strong data-start=\"4353\" data-end=\"4385\">Lei Complementar n\u00ba 034/2013</strong> \u2013 disp\u00f5e sobre a estrutura organizacional.</p>\r\n</li>\r\n<li data-start=\"4468\" data-end=\"4606\">\r\n<p data-start=\"4470\" data-end=\"4606\"><strong data-start=\"4470\" data-end=\"4502\">Lei Complementar n\u00ba 087/2023</strong> \u2013 cria os cargos de Controlador Interno e Agente de Contrata\u00e7\u00e3o.</p>\r\n</li>\r\n<li data-start=\"4607\" data-end=\"4751\">\r\n<p data-start=\"4609\" data-end=\"4751\"><strong data-start=\"4609\" data-end=\"4641\">Carta de Servi\u00e7os ao Usu\u00e1rio</strong> \u2013 apresenta servi\u00e7os, hor\u00e1rios de atendimento e canais de comunica\u00e7\u00e3o</p>\r\n</li>\r\n</ul>\r\n</li>\r\n<li data-start=\"4039\" data-end=\"4120\">\r\n<p data-start=\"4041\" data-end=\"4120\"><span>Fontes de Consulta</span></p>\r\n</li>\r\n</ul>", "author_name": "Interlegis", "version": "1.0", "author_url": "https://www.igarapava.sp.leg.br/author/Interlegis", "provider_name": "C\u00e2mara Municipal de Igarapava - SP", "type": "rich"}