{"provider_url": "https://www.igarapava.sp.leg.br", "title": "CURSO DE FORMA\u00c7\u00c3O DE VEREADORES", "html": "<p>Os vereadores eleitos de Igarapava iniciaram o curso de forma\u00e7\u00e3o para contribuir, aprimorar e desenvolver de forma adequada o mandato eletivo.</p>\r\n<p>O Projeto de Resolu\u00e7\u00e3o de autoria do Presidente Frederick Requi Mendon\u00e7a e com apoio da Mesa Diretora (Vice-Presidente: Leandro Pereira Gasqui, 1\u00ba Secret\u00e1rio: G\u00e9lio Jos\u00e9 Preciozo e 2\u00ba Secret\u00e1rio: Luan Soares da Silva) foi aprovado por todos vereadores, ou seja, al\u00e9m dos membros da Mesa Diretora citados anteriormente, os edis: Carla Adriana Medon\u00e7a Prado, Carlos Roberto Rodrigues Lima, Cl\u00e1udio Reis Vilas Boas, Edinamar Ap. Isete da Costa, Gilmar Fernandes, Jos\u00e9 Aguinaldo de Oliveira e Rinaldo Grou Gobbi aprovaram o projeto e a iniciativa.</p>\r\n<p style=\"text-align: justify; \">A Resolu\u00e7\u00e3o 003/2021 prev\u00ea a realiza\u00e7\u00e3o do curso aos vereadores ao in\u00edcio de mandato para melhor prepar\u00e1-los para as atividades legislativas municipais.</p>\r\n<p style=\"text-align: justify; \">No ano de 2021, o curso est\u00e1 sendo promovido pela IG2P - Intelig\u00eancia em Gest\u00e3o de Pol\u00edticas P\u00fablicas pelo gestor p\u00fablico Tales Gabriel Taveira Bittar e pelo advogado Jo\u00e3o Roberto Menezes Jacinto.</p>\r\n<p style=\"text-align: justify; \">J\u00e1 foram ministradas 02 (duas) aulas com dura\u00e7\u00e3o de 04 (quatro) horas nos dias 22 e 29 de setembro. O curso tamb\u00e9m est\u00e1 dispon\u00edvel para participa\u00e7\u00e3o dos servidores da C\u00e2mara Municipal de Igarapava. Ao final do curso, ser\u00e1 emitido certificado \u00e0queles que tiveram frequ\u00eancia m\u00ednima de 75% (setenta e cinco por cento) das aulas.</p>\r\n<p style=\"text-align: justify; \">Agradecimento especial ao Minist\u00e9rio P\u00fablico Federal (regi\u00e3o de Franca) e ao Minist\u00e9rio P\u00fablico Estadual por terem encaminhado a todos mun\u00edcipios a recomenda\u00e7\u00e3o para realiza\u00e7\u00e3o do curso preparat\u00f3rio.</p>\r\n<p style=\"text-align: justify; \">A C\u00e2mara Municipal de Igarapava est\u00e1 promovendo a qualifica\u00e7\u00e3o para atua\u00e7\u00e3o do Poder Legislativo de forma eficiente e inteligente.</p>\r\n<p style=\"text-align: justify; \"><a title=\"\" href=\"https://www.igarapava.sp.leg.br/institucional/fotos/album-de-fotos\" class=\"internal-link\" target=\"_self\">Galeria de Imagens</a></p>\r\n<p style=\"text-align: justify; \"><img src=\"https://www.igarapava.sp.leg.br/imagens/IMG2448.jpg\" alt=\"\" class=\"image-inline\" title=\"\" /></p>\r\n<p style=\"text-align: justify; \"><img src=\"https://www.igarapava.sp.leg.br/imagens/copy_of_IMG2431.jpg\" alt=\"\" class=\"image-inline\" title=\"\" /></p>\r\n<p style=\"text-align: justify; \"><img src=\"https://www.igarapava.sp.leg.br/imagens/IMG2443.jpg\" alt=\"\" class=\"image-inline\" title=\"\" /></p>", "author_name": "", "version": "1.0", "author_url": "https://www.igarapava.sp.leg.br/author/valter", "provider_name": "C\u00e2mara Municipal de Igarapava - SP", "type": "rich"}